{"id":31962,"date":"2023-07-09T04:00:00","date_gmt":"2023-07-09T02:00:00","guid":{"rendered":"https:\/\/godloves.me\/?p=31962"},"modified":"2023-07-03T11:28:00","modified_gmt":"2023-07-03T09:28:00","slug":"como-son-nuestras-relaciones-2","status":"publish","type":"post","link":"https:\/\/www2.godloves.me\/es\/como-son-nuestras-relaciones-2\/","title":{"rendered":"\u00bfC\u00f3mo son nuestras relaciones?"},"content":{"rendered":"\n<p><\/p>\n\n\n\n<p>La frustraci\u00f3n y la injusticia suelen provocar fuertes reacciones. Hay muchas manifestaciones en las calles y conflictos que, avivados por los medios de comunicaci\u00f3n, degeneran en violencia a escala mundial. En lugar de mantener la cabeza fr\u00eda y reflexionar, nos acusamos unos a otros en las redes sociales. Y, por si fuera poco, siempre hay personas malintencionadas que buscan aprovecharse de estas protestas.<\/p>\n\n\n\n<p>Jes\u00fas habla de una viga que tenemos en nuestro ojo y de una paja que intentamos quitar del ojo de otro. Admit\u00e1moslo, a menudo no tratamos a nuestro pr\u00f3jimo de la misma manera que nos tratamos a nosotros mismos. Jes\u00fas nos invita a comportarnos con los dem\u00e1s como nos gustar\u00eda que se comportaran con nosotros. Si Jes\u00fas es el Se\u00f1or de nuestras vidas, puede ayudarnos a tener una visi\u00f3n correcta de los dem\u00e1s y de nosotros mismos. \u00c9l nos invita a reflexionar, a no caer en la cr\u00edtica f\u00e1cil, sino a amar a los dem\u00e1s, incluso a los que nos ofenden.<\/p>\n\n\n\n<blockquote class=\"wp-block-quote is-layout-flow wp-block-quote-is-layout-flow\">\n<p>As\u00ed pues, haced con los dem\u00e1s lo mismo que quer\u00e9is que los dem\u00e1s hagan con vosotros.&nbsp;<\/p>\n\n\n\n<p>Mateo 7:12a<\/p>\n<\/blockquote>\n\n\n\n<p>\u00bfC\u00f3mo te enfrentas a los que te irritan?<\/p>\n\n\n\n<p><strong>Texto de la semana<\/strong>: <a href=\"https:\/\/www.bibleserver.com\/NVIC\/Mateo7%3A1-12\" target=\"_blank\" data-type=\"URL\" data-id=\"https:\/\/www.bibleserver.com\/NVIC\/Mateo7%3A1-12\" rel=\"noreferrer noopener\">Mateo 7:1-12a<\/a><\/p>\n","protected":false},"excerpt":{"rendered":"<p>La frustraci\u00f3n y la injusticia suelen provocar fuertes reacciones. Hay muchas manifestaciones en las calles y conflictos que, avivados por los medios de comunicaci\u00f3n, degeneran en violencia a escala mundial. En lugar de mantener la cabeza fr\u00eda y reflexionar, nos acusamos unos a otros en las redes sociales. Y, por si fuera poco, siempre hay [&hellip;]<\/p>\n","protected":false},"author":1,"featured_media":21792,"comment_status":"closed","ping_status":"closed","sticky":false,"template":"","format":"standard","meta":{"_et_pb_use_builder":"","_et_pb_old_content":"","_et_gb_content_width":"","footnotes":""},"categories":[419],"tags":[],"class_list":["post-31962","post","type-post","status-publish","format-standard","has-post-thumbnail","hentry","category-es_blog"],"_links":{"self":[{"href":"https:\/\/www2.godloves.me\/es\/wp-json\/wp\/v2\/posts\/31962","targetHints":{"allow":["GET"]}}],"collection":[{"href":"https:\/\/www2.godloves.me\/es\/wp-json\/wp\/v2\/posts"}],"about":[{"href":"https:\/\/www2.godloves.me\/es\/wp-json\/wp\/v2\/types\/post"}],"author":[{"embeddable":true,"href":"https:\/\/www2.godloves.me\/es\/wp-json\/wp\/v2\/users\/1"}],"replies":[{"embeddable":true,"href":"https:\/\/www2.godloves.me\/es\/wp-json\/wp\/v2\/comments?post=31962"}],"version-history":[{"count":0,"href":"https:\/\/www2.godloves.me\/es\/wp-json\/wp\/v2\/posts\/31962\/revisions"}],"wp:featuredmedia":[{"embeddable":true,"href":"https:\/\/www2.godloves.me\/es\/wp-json\/wp\/v2\/media\/21792"}],"wp:attachment":[{"href":"https:\/\/www2.godloves.me\/es\/wp-json\/wp\/v2\/media?parent=31962"}],"wp:term":[{"taxonomy":"category","embeddable":true,"href":"https:\/\/www2.godloves.me\/es\/wp-json\/wp\/v2\/categories?post=31962"},{"taxonomy":"post_tag","embeddable":true,"href":"https:\/\/www2.godloves.me\/es\/wp-json\/wp\/v2\/tags?post=31962"}],"curies":[{"name":"wp","href":"https:\/\/api.w.org\/{rel}","templated":true}]}}