{"id":3406,"date":"2020-04-06T20:29:00","date_gmt":"2020-04-06T20:29:00","guid":{"rendered":"https:\/\/glm.ouryes.ch\/?p=3406"},"modified":"2023-04-15T10:47:47","modified_gmt":"2023-04-15T08:47:47","slug":"la-pascua-trae-paz","status":"publish","type":"post","link":"https:\/\/www2.godloves.me\/es\/la-pascua-trae-paz\/","title":{"rendered":"\u00a1La Pascua trae paz!"},"content":{"rendered":"\n<p>La resurrecci\u00f3n de Jes\u00fas no comenz\u00f3 con dulces conejitos de Pascua y coloridos adornos. En las entra\u00f1as de sus disc\u00edpulos todav\u00eda se ve\u00edan la traici\u00f3n y la brutal crucifixi\u00f3n. El miedo, las puertas cerradas y la incredulidad desesperada los dominaban, y de repente Jes\u00fas se puso en medio de ellos. Con un \u00abshalom\u00bb rompi\u00f3 la atm\u00f3sfera asfixiante. No solo les dese\u00f3 \u00abla paz sea con vosotros\u00bb, sino que encarn\u00f3 y produjo la paz \u00e9l mismo.<\/p>\n\n\n\n<p>Sab\u00eda que las simples palabras no pod\u00edan disipar el miedo. Luego les mostr\u00f3 las manos y los pies atravesados por clavos. Esto los convenci\u00f3.<\/p>\n\n\n\n<p>El poder que levant\u00f3 a Jes\u00fas de entre los muertos trae una paz que sobrepasa nuestra raz\u00f3n y nos permite vivir una vida nueva.&nbsp;Aquellos que lo han experimentado personalmente no se esconden.&nbsp;Est\u00e1n ansiosos por dec\u00edrselo a todo el mundo.<\/p>\n\n\n\n<blockquote class=\"wp-block-quote is-layout-flow wp-block-quote-is-layout-flow\"><p>Luego Jes\u00fas dijo de nuevo: \u00a1Paz a vosotros! Como el Padre me envi\u00f3 a m\u00ed, tambi\u00e9n yo os env\u00edo a vosotros. <\/p><cite>Juan 20,21<\/cite><\/blockquote>\n\n\n\n<p><strong>Texto de la semana:&nbsp;<\/strong><a rel=\"noreferrer noopener\" href=\"https:\/\/www.bibleserver.com\/CST.NVI.BTX\/1%20Corintios15%3A12-20\" target=\"_blank\">1 Corintios 15,12\u201320<\/a><\/p>\n\n\n\n<p><strong>\u00bfQu\u00e9 significan para ti el Viernes de Pasi\u00f3n y el Domingo de Resurrecci\u00f3n?<\/strong><\/p>\n","protected":false},"excerpt":{"rendered":"<p>La resurrecci\u00f3n de Jes\u00fas no comenz\u00f3 con dulces conejitos de Pascua y coloridos adornos. En las entra\u00f1as de sus disc\u00edpulos todav\u00eda se ve\u00edan la traici\u00f3n y la brutal crucifixi\u00f3n. El miedo, las puertas cerradas y la incredulidad desesperada los dominaban, y de repente Jes\u00fas se puso en medio de ellos. Con un \u00abshalom\u00bb rompi\u00f3 la [&hellip;]<\/p>\n","protected":false},"author":1,"featured_media":3434,"comment_status":"closed","ping_status":"closed","sticky":false,"template":"","format":"standard","meta":{"_et_pb_use_builder":"","_et_pb_old_content":"","_et_gb_content_width":"","footnotes":""},"categories":[419,152],"tags":[],"class_list":["post-3406","post","type-post","status-publish","format-standard","has-post-thumbnail","hentry","category-es_blog","category-sin-categorizar"],"_links":{"self":[{"href":"https:\/\/www2.godloves.me\/es\/wp-json\/wp\/v2\/posts\/3406","targetHints":{"allow":["GET"]}}],"collection":[{"href":"https:\/\/www2.godloves.me\/es\/wp-json\/wp\/v2\/posts"}],"about":[{"href":"https:\/\/www2.godloves.me\/es\/wp-json\/wp\/v2\/types\/post"}],"author":[{"embeddable":true,"href":"https:\/\/www2.godloves.me\/es\/wp-json\/wp\/v2\/users\/1"}],"replies":[{"embeddable":true,"href":"https:\/\/www2.godloves.me\/es\/wp-json\/wp\/v2\/comments?post=3406"}],"version-history":[{"count":0,"href":"https:\/\/www2.godloves.me\/es\/wp-json\/wp\/v2\/posts\/3406\/revisions"}],"wp:featuredmedia":[{"embeddable":true,"href":"https:\/\/www2.godloves.me\/es\/wp-json\/wp\/v2\/media\/3434"}],"wp:attachment":[{"href":"https:\/\/www2.godloves.me\/es\/wp-json\/wp\/v2\/media?parent=3406"}],"wp:term":[{"taxonomy":"category","embeddable":true,"href":"https:\/\/www2.godloves.me\/es\/wp-json\/wp\/v2\/categories?post=3406"},{"taxonomy":"post_tag","embeddable":true,"href":"https:\/\/www2.godloves.me\/es\/wp-json\/wp\/v2\/tags?post=3406"}],"curies":[{"name":"wp","href":"https:\/\/api.w.org\/{rel}","templated":true}]}}