{"id":4455,"date":"2020-11-29T00:11:00","date_gmt":"2020-11-29T00:11:00","guid":{"rendered":"https:\/\/glm.ouryes.ch\/?p=4455"},"modified":"2023-04-15T10:46:59","modified_gmt":"2023-04-15T08:46:59","slug":"verdad-y-reconciliacion","status":"publish","type":"post","link":"https:\/\/www2.godloves.me\/es\/verdad-y-reconciliacion\/","title":{"rendered":"Verdad y reconciliaci\u00f3n"},"content":{"rendered":"\n<p>Una medida importante que emprendi\u00f3 Nelson Mandela, el expre-&nbsp;sidente de Sud\u00e1frica, fue el establecimiento de la Comisi\u00f3n de la Verdad y la Reconciliaci\u00f3n. El objetivo era examinar los cr\u00edmenes del&nbsp;<em>apartheid&nbsp;<\/em>y reconciliar a la naci\u00f3n mediante una amnist\u00eda general. Para acceder a ella era necesario que se reconocieran p\u00fablicamente las injusticias cometidas.<\/p>\n\n\n\n<p>El primer paso hacia la reconciliaci\u00f3n es admitir el error. Aquellos que admiten un acto de maldad abren el camino al perd\u00f3n. Las&nbsp;heridas pueden curarse si no nos entregamos con amargura al papel de v\u00edctimas, sino que buscamos una nueva \u00abvida en convivencia\u00bb.<\/p>\n\n\n\n<p>La reconciliaci\u00f3n m\u00e1s grande de la historia de la humanidad tuvo&nbsp;lugar cuando Jesucristo asumi\u00f3 toda la culpa del hombre y la pag\u00f3&nbsp;con su vida en la cruz. Los que reconocen su pecado y piden per- d\u00f3n se reconcilian con Dios. Todo el que experimenta este perd\u00f3n tambi\u00e9n es capaz de perdonar.<\/p>\n\n\n\n<blockquote class=\"wp-block-quote is-layout-flow wp-block-quote-is-layout-flow\"><p>Perd\u00f3nanos nuestras ofensas como tambi\u00e9n nosotros perdonamos a quienes nos han ofendido.<\/p><cite>Mateo 6,12<\/cite><\/blockquote>\n\n\n\n<p><strong>Texto de la semana:&nbsp;<\/strong><a href=\"https:\/\/www.bibleserver.com\/NVI.BTX\/Proverbios28%3A13-14\" target=\"_blank\" rel=\"noreferrer noopener\">Proverbios 28,13\u201314<\/a><\/p>\n","protected":false},"excerpt":{"rendered":"<p>Una medida importante que emprendi\u00f3 Nelson Mandela, el expre-&nbsp;sidente de Sud\u00e1frica, fue el establecimiento de la Comisi\u00f3n de la Verdad y la Reconciliaci\u00f3n. El objetivo era examinar los cr\u00edmenes del&nbsp;apartheid&nbsp;y reconciliar a la naci\u00f3n mediante una amnist\u00eda general. Para acceder a ella era necesario que se reconocieran p\u00fablicamente las injusticias cometidas. El primer paso hacia [&hellip;]<\/p>\n","protected":false},"author":1,"featured_media":3468,"comment_status":"closed","ping_status":"closed","sticky":false,"template":"","format":"standard","meta":{"_et_pb_use_builder":"","_et_pb_old_content":"","_et_gb_content_width":"","footnotes":""},"categories":[419,152],"tags":[],"class_list":["post-4455","post","type-post","status-publish","format-standard","has-post-thumbnail","hentry","category-es_blog","category-sin-categorizar"],"_links":{"self":[{"href":"https:\/\/www2.godloves.me\/es\/wp-json\/wp\/v2\/posts\/4455","targetHints":{"allow":["GET"]}}],"collection":[{"href":"https:\/\/www2.godloves.me\/es\/wp-json\/wp\/v2\/posts"}],"about":[{"href":"https:\/\/www2.godloves.me\/es\/wp-json\/wp\/v2\/types\/post"}],"author":[{"embeddable":true,"href":"https:\/\/www2.godloves.me\/es\/wp-json\/wp\/v2\/users\/1"}],"replies":[{"embeddable":true,"href":"https:\/\/www2.godloves.me\/es\/wp-json\/wp\/v2\/comments?post=4455"}],"version-history":[{"count":0,"href":"https:\/\/www2.godloves.me\/es\/wp-json\/wp\/v2\/posts\/4455\/revisions"}],"wp:featuredmedia":[{"embeddable":true,"href":"https:\/\/www2.godloves.me\/es\/wp-json\/wp\/v2\/media\/3468"}],"wp:attachment":[{"href":"https:\/\/www2.godloves.me\/es\/wp-json\/wp\/v2\/media?parent=4455"}],"wp:term":[{"taxonomy":"category","embeddable":true,"href":"https:\/\/www2.godloves.me\/es\/wp-json\/wp\/v2\/categories?post=4455"},{"taxonomy":"post_tag","embeddable":true,"href":"https:\/\/www2.godloves.me\/es\/wp-json\/wp\/v2\/tags?post=4455"}],"curies":[{"name":"wp","href":"https:\/\/api.w.org\/{rel}","templated":true}]}}