{"id":15455,"date":"2021-01-31T00:01:00","date_gmt":"2021-01-31T00:01:00","guid":{"rendered":"https:\/\/glm.ouryes.ch\/?p=15455"},"modified":"2023-04-14T11:55:12","modified_gmt":"2023-04-14T09:55:12","slug":"cada-vez-mais-alto","status":"publish","type":"post","link":"https:\/\/www2.godloves.me\/pt-pt\/cada-vez-mais-alto\/","title":{"rendered":"Cada vez mais alto"},"content":{"rendered":"\n<p class=\"has-text-align-left\">Durante tr\u00eas anos Gustavo Eiffel trabalhou com 300 colaboradores na constru\u00e7\u00e3o que, \u00e0 \u00e9poca, era a mais alta do mundo: a Torre Eiffel, com 324metros de altura, para a Exposi\u00e7\u00e3o Universal de Paris em 1889, na ocasi\u00e3o do 100\u00ba anivers\u00e1rio da revolu\u00e7\u00e3o francesa. A Torre ainda hoje \u00e9 visitada anualmente por cerca de 7 milh\u00f5es de pessoas. Durante 41 anos foi o edif\u00edcio mais alto do mundo. Atualmente, o Burj Khalifa no Dubai, com 828 metros de altura e 163 andares est\u00e1 \u00e0 cabe\u00e7a da lista. Mas um grupo chin\u00eas j\u00e1 anunciou que deseja bater este recorde do mundo. Aparentemente, a ambi\u00e7\u00e3o dos homens n\u00e3o tem limites.\u00a0<\/p>\n\n\n\n<p>Mas, pelo contr\u00e1rio, Deus, o Mais Alto, com quem ningu\u00e9m se pode comparar, n\u00e3o pretende subir, mas quer baixar at\u00e9 n\u00f3s. Isso porque a sua natureza \u00e9 amor e gra\u00e7a. Ele aproxima-se do culpado, do que tem medo, do que sofre de depress\u00e3o e do pecador, para os salvar, cur\u00e1-los e consol\u00e1-los.&nbsp;<\/p>\n\n\n\n<p><strong>Texto da semana: <\/strong><a href=\"https:\/\/www.bible.com\/pt\/bible\/1967\/GEN.11.OL\" data-type=\"URL\" data-id=\"https:\/\/www.bible.com\/pt\/bible\/1967\/GEN.11.OL\" target=\"_blank\" rel=\"noreferrer noopener\">G\u00e9nesis 11.1 a 9<\/a> e <a href=\"https:\/\/www.bible.com\/pt\/bible\/1967\/HEB.2.OL\" target=\"_blank\" rel=\"noreferrer noopener\">Hebreus 2.5 a 9\u00a0<\/a><\/p>\n","protected":false},"excerpt":{"rendered":"<p>Durante tr\u00eas anos Gustavo Eiffel trabalhou com 300 colaboradores na constru\u00e7\u00e3o que, \u00e0 \u00e9poca, era a mais alta do mundo: a Torre Eiffel, com 324metros de altura, para a Exposi\u00e7\u00e3o Universal de Paris em 1889, na ocasi\u00e3o do 100\u00ba anivers\u00e1rio da revolu\u00e7\u00e3o francesa. A Torre ainda hoje \u00e9 visitada anualmente por cerca de 7 milh\u00f5es [&hellip;]<\/p>\n","protected":false},"author":6,"featured_media":15387,"comment_status":"closed","ping_status":"closed","sticky":false,"template":"","format":"standard","meta":{"_et_pb_use_builder":"","_et_pb_old_content":"","_et_gb_content_width":"","footnotes":""},"categories":[418,151],"tags":[],"class_list":["post-15455","post","type-post","status-publish","format-standard","has-post-thumbnail","hentry","category-pt-blog","category-sem-categoria"],"_links":{"self":[{"href":"https:\/\/www2.godloves.me\/pt-pt\/wp-json\/wp\/v2\/posts\/15455","targetHints":{"allow":["GET"]}}],"collection":[{"href":"https:\/\/www2.godloves.me\/pt-pt\/wp-json\/wp\/v2\/posts"}],"about":[{"href":"https:\/\/www2.godloves.me\/pt-pt\/wp-json\/wp\/v2\/types\/post"}],"author":[{"embeddable":true,"href":"https:\/\/www2.godloves.me\/pt-pt\/wp-json\/wp\/v2\/users\/6"}],"replies":[{"embeddable":true,"href":"https:\/\/www2.godloves.me\/pt-pt\/wp-json\/wp\/v2\/comments?post=15455"}],"version-history":[{"count":0,"href":"https:\/\/www2.godloves.me\/pt-pt\/wp-json\/wp\/v2\/posts\/15455\/revisions"}],"wp:featuredmedia":[{"embeddable":true,"href":"https:\/\/www2.godloves.me\/pt-pt\/wp-json\/wp\/v2\/media\/15387"}],"wp:attachment":[{"href":"https:\/\/www2.godloves.me\/pt-pt\/wp-json\/wp\/v2\/media?parent=15455"}],"wp:term":[{"taxonomy":"category","embeddable":true,"href":"https:\/\/www2.godloves.me\/pt-pt\/wp-json\/wp\/v2\/categories?post=15455"},{"taxonomy":"post_tag","embeddable":true,"href":"https:\/\/www2.godloves.me\/pt-pt\/wp-json\/wp\/v2\/tags?post=15455"}],"curies":[{"name":"wp","href":"https:\/\/api.w.org\/{rel}","templated":true}]}}