{"id":19306,"date":"2021-11-14T00:01:00","date_gmt":"2021-11-14T00:01:00","guid":{"rendered":"https:\/\/glm.ouryes.ch\/?p=19306"},"modified":"2023-04-14T11:54:51","modified_gmt":"2023-04-14T09:54:51","slug":"quem-e-afinal-este-jesus","status":"publish","type":"post","link":"https:\/\/www2.godloves.me\/pt-pt\/quem-e-afinal-este-jesus\/","title":{"rendered":"Quem \u00e9, afinal, este Jesus ?"},"content":{"rendered":"\n<p>A resposta de Brend tocou-me; ele deu-me autoriza\u00e7\u00e3o para citar aquilo que escreveu:<\/p>\n\n\n\n<p>\u00abJesus \u00e9 algu\u00e9m que acabei de descobrir. Na nossa educa\u00e7\u00e3o tradicional, Jesus \u00e9 colocado num pedestal, a uma dist\u00e2ncia que est\u00e1 fora do nosso alcance, como uma celebridade. Mas eu penso que isso \u00e9 falso. Jesus n\u00e3o quis ter f\u00e3s ou admiradores, mas imitadores e disc\u00edpulos; o seu lugar \u00e9 ao lado de&nbsp;&nbsp;cada ser humano. Eu creio e estou convencido que com ele podemos passar momentos preciosos. Ele \u00e9 o nosso Salvador e o nosso Deus, mas tamb\u00e9m quer ser nosso amigo e conselheiro; algu\u00e9m com quem podemos partilhar coisas banais, que faz parte das nossas viv\u00eancias, e nos dispensa compreens\u00e3o. Se h\u00e1 algu\u00e9m que saiba o que significa viver, esse algu\u00e9m \u00e9 mesmo o Filho de Deus feito homem, a personifica\u00e7\u00e3o do dom da vida.\u00bb<\/p>\n\n\n\n<p><strong>Texto da semana: <\/strong><a rel=\"noreferrer noopener\" href=\"https:\/\/my.bible.com\/pt-PT\/bible\/1967\/MRK.8.OL\" data-type=\"URL\" target=\"_blank\">Marcos 8.27-38<\/a><\/p>\n\n\n\n<p>Vai encontrar esta pergunta no nosso <a rel=\"noreferrer noopener\" href=\"https:\/\/godtime.online\/pt-pt\/\" target=\"_blank\">curso b\u00edblico online<\/a>\u00a0ou envie email para portugal@msd-online.ch<\/p>\n","protected":false},"excerpt":{"rendered":"<p>A resposta de Brend tocou-me; ele deu-me autoriza\u00e7\u00e3o para citar aquilo que escreveu: \u00abJesus \u00e9 algu\u00e9m que acabei de descobrir. Na nossa educa\u00e7\u00e3o tradicional, Jesus \u00e9 colocado num pedestal, a uma dist\u00e2ncia que est\u00e1 fora do nosso alcance, como uma celebridade. Mas eu penso que isso \u00e9 falso. Jesus n\u00e3o quis ter f\u00e3s ou admiradores, [&hellip;]<\/p>\n","protected":false},"author":6,"featured_media":19260,"comment_status":"closed","ping_status":"closed","sticky":false,"template":"","format":"standard","meta":{"_et_pb_use_builder":"","_et_pb_old_content":"","_et_gb_content_width":"","footnotes":""},"categories":[418,151],"tags":[],"class_list":["post-19306","post","type-post","status-publish","format-standard","has-post-thumbnail","hentry","category-pt-blog","category-sem-categoria"],"_links":{"self":[{"href":"https:\/\/www2.godloves.me\/pt-pt\/wp-json\/wp\/v2\/posts\/19306","targetHints":{"allow":["GET"]}}],"collection":[{"href":"https:\/\/www2.godloves.me\/pt-pt\/wp-json\/wp\/v2\/posts"}],"about":[{"href":"https:\/\/www2.godloves.me\/pt-pt\/wp-json\/wp\/v2\/types\/post"}],"author":[{"embeddable":true,"href":"https:\/\/www2.godloves.me\/pt-pt\/wp-json\/wp\/v2\/users\/6"}],"replies":[{"embeddable":true,"href":"https:\/\/www2.godloves.me\/pt-pt\/wp-json\/wp\/v2\/comments?post=19306"}],"version-history":[{"count":0,"href":"https:\/\/www2.godloves.me\/pt-pt\/wp-json\/wp\/v2\/posts\/19306\/revisions"}],"wp:featuredmedia":[{"embeddable":true,"href":"https:\/\/www2.godloves.me\/pt-pt\/wp-json\/wp\/v2\/media\/19260"}],"wp:attachment":[{"href":"https:\/\/www2.godloves.me\/pt-pt\/wp-json\/wp\/v2\/media?parent=19306"}],"wp:term":[{"taxonomy":"category","embeddable":true,"href":"https:\/\/www2.godloves.me\/pt-pt\/wp-json\/wp\/v2\/categories?post=19306"},{"taxonomy":"post_tag","embeddable":true,"href":"https:\/\/www2.godloves.me\/pt-pt\/wp-json\/wp\/v2\/tags?post=19306"}],"curies":[{"name":"wp","href":"https:\/\/api.w.org\/{rel}","templated":true}]}}