{"id":19310,"date":"2021-11-28T00:01:00","date_gmt":"2021-11-28T00:01:00","guid":{"rendered":"https:\/\/glm.ouryes.ch\/?p=19310"},"modified":"2023-04-14T11:54:50","modified_gmt":"2023-04-14T09:54:50","slug":"verdade-e-reconciliacao","status":"publish","type":"post","link":"https:\/\/www2.godloves.me\/pt-pt\/verdade-e-reconciliacao\/","title":{"rendered":"Verdade e reconcilia\u00e7\u00e3o"},"content":{"rendered":"\n<p>Uma a\u00e7\u00e3o importante iniciada por Nelson Mandela, antigo presidente da \u00c1frica do Sul, foi a \u00abComiss\u00e3o de verdade e reconcilia\u00e7\u00e3o\u00bb. Pretendia-se examinar os crimes do\u00a0apartheid e reconciliar a na\u00e7\u00e3o por meio de uma amnistia geral; a condi\u00e7\u00e3o pr\u00e9via foi o reconhecimento p\u00fablico das injusti\u00e7as cometidas.<\/p>\n\n\n\n<p>Admitir o erro \u00e9 o primeiro passo para a reconcilia\u00e7\u00e3o. Aqueles que admitem um ato perverso&nbsp;&nbsp;abrem o caminho do perd\u00e3o. As feridas podem&nbsp;ser curadas se n\u00e3o nos conformarmos com a amargura num papel de v\u00edtima, mas se estendermos a m\u00e3o para um novo \u00abviver juntos\u00bb .<\/p>\n\n\n\n<p>A maior reconcilia\u00e7\u00e3o da hist\u00f3ria da humanidade aconteceu quando Jesus Cristo assumiu toda a culpabilidade do ser humano e pagou-a com a sua vida na cruz. Aqueles que admitem o seu pecado e pedem perd\u00e3o s\u00e3o reconciliados com Deus. Todo o que tiver esta experi\u00eancia do perd\u00e3o tamb\u00e9m est\u00e1 apto a perdoar.<\/p>\n\n\n\n<p><strong>Texto da semana: <\/strong><a href=\"https:\/\/my.bible.com\/pt-PT\/bible\/1967\/PRO.28.OL\" data-type=\"URL\" data-id=\"https:\/\/my.bible.com\/pt-PT\/bible\/1967\/PRO.28.OL\" target=\"_blank\" rel=\"noreferrer noopener\">Prov\u00e9rbios 28.13\u201314<\/a><\/p>\n","protected":false},"excerpt":{"rendered":"<p>Uma a\u00e7\u00e3o importante iniciada por Nelson Mandela, antigo presidente da \u00c1frica do Sul, foi a \u00abComiss\u00e3o de verdade e reconcilia\u00e7\u00e3o\u00bb. Pretendia-se examinar os crimes do\u00a0apartheid e reconciliar a na\u00e7\u00e3o por meio de uma amnistia geral; a condi\u00e7\u00e3o pr\u00e9via foi o reconhecimento p\u00fablico das injusti\u00e7as cometidas. Admitir o erro \u00e9 o primeiro passo para a reconcilia\u00e7\u00e3o. [&hellip;]<\/p>\n","protected":false},"author":6,"featured_media":19284,"comment_status":"closed","ping_status":"closed","sticky":false,"template":"","format":"standard","meta":{"_et_pb_use_builder":"","_et_pb_old_content":"","_et_gb_content_width":"","footnotes":""},"categories":[418,151],"tags":[],"class_list":["post-19310","post","type-post","status-publish","format-standard","has-post-thumbnail","hentry","category-pt-blog","category-sem-categoria"],"_links":{"self":[{"href":"https:\/\/www2.godloves.me\/pt-pt\/wp-json\/wp\/v2\/posts\/19310","targetHints":{"allow":["GET"]}}],"collection":[{"href":"https:\/\/www2.godloves.me\/pt-pt\/wp-json\/wp\/v2\/posts"}],"about":[{"href":"https:\/\/www2.godloves.me\/pt-pt\/wp-json\/wp\/v2\/types\/post"}],"author":[{"embeddable":true,"href":"https:\/\/www2.godloves.me\/pt-pt\/wp-json\/wp\/v2\/users\/6"}],"replies":[{"embeddable":true,"href":"https:\/\/www2.godloves.me\/pt-pt\/wp-json\/wp\/v2\/comments?post=19310"}],"version-history":[{"count":0,"href":"https:\/\/www2.godloves.me\/pt-pt\/wp-json\/wp\/v2\/posts\/19310\/revisions"}],"wp:featuredmedia":[{"embeddable":true,"href":"https:\/\/www2.godloves.me\/pt-pt\/wp-json\/wp\/v2\/media\/19284"}],"wp:attachment":[{"href":"https:\/\/www2.godloves.me\/pt-pt\/wp-json\/wp\/v2\/media?parent=19310"}],"wp:term":[{"taxonomy":"category","embeddable":true,"href":"https:\/\/www2.godloves.me\/pt-pt\/wp-json\/wp\/v2\/categories?post=19310"},{"taxonomy":"post_tag","embeddable":true,"href":"https:\/\/www2.godloves.me\/pt-pt\/wp-json\/wp\/v2\/tags?post=19310"}],"curies":[{"name":"wp","href":"https:\/\/api.w.org\/{rel}","templated":true}]}}